{"id":4972,"date":"2020-11-11T19:36:49","date_gmt":"2020-11-12T01:36:49","guid":{"rendered":"http:\/\/www.difvictoria.gob.mx\/?p=4972"},"modified":"2020-11-15T19:38:32","modified_gmt":"2020-11-16T01:38:32","slug":"brigada-de-corte-de-pelo","status":"publish","type":"post","link":"http:\/\/www.difvictoria.gob.mx\/index.php\/2020\/11\/11\/brigada-de-corte-de-pelo\/","title":{"rendered":"Brigada de Corte de Pelo"},"content":{"rendered":"<p>Ciudad Victoria Tamaulipas, 11 de noviembre de 2020.- El Sistema DIF Victoria, a trav\u00e9s de la Subdirecci\u00f3n de Centros de Asistencia, llev\u00f3 hasta la Col. Echeverr\u00eda, la Brigada de corte de pelo gratuito, beneficiando la econom\u00eda de los habitantes de este sector, se cont\u00f3 con las medidas de higiene brindas por nuestras autoridades.<\/p>\n","protected":false},"excerpt":{"rendered":"<p>Ciudad Victoria Tamaulipas, 11 de noviembre de 2020.- El Sistema DIF Victoria, a trav\u00e9s de la Subdirecci\u00f3n de Centros de Asistencia, llev\u00f3 hasta la Col. Echeverr\u00eda, la Brigada de corte de pelo gratuito, beneficiando la econom\u00eda de los habitantes de este sector, se cont\u00f3 con las medidas de higiene brindas por nuestras autoridades.<\/p>\n","protected":false},"author":3,"featured_media":4973,"comment_status":"closed","ping_status":"closed","sticky":false,"template":"","format":"standard","meta":{"footnotes":""},"categories":[29],"tags":[],"class_list":["post-4972","post","type-post","status-publish","format-standard","has-post-thumbnail","hentry","category-noviembre-2020"],"_links":{"self":[{"href":"http:\/\/www.difvictoria.gob.mx\/index.php\/wp-json\/wp\/v2\/posts\/4972","targetHints":{"allow":["GET"]}}],"collection":[{"href":"http:\/\/www.difvictoria.gob.mx\/index.php\/wp-json\/wp\/v2\/posts"}],"about":[{"href":"http:\/\/www.difvictoria.gob.mx\/index.php\/wp-json\/wp\/v2\/types\/post"}],"author":[{"embeddable":true,"href":"http:\/\/www.difvictoria.gob.mx\/index.php\/wp-json\/wp\/v2\/users\/3"}],"replies":[{"embeddable":true,"href":"http:\/\/www.difvictoria.gob.mx\/index.php\/wp-json\/wp\/v2\/comments?post=4972"}],"version-history":[{"count":1,"href":"http:\/\/www.difvictoria.gob.mx\/index.php\/wp-json\/wp\/v2\/posts\/4972\/revisions"}],"predecessor-version":[{"id":4974,"href":"http:\/\/www.difvictoria.gob.mx\/index.php\/wp-json\/wp\/v2\/posts\/4972\/revisions\/4974"}],"wp:featuredmedia":[{"embeddable":true,"href":"http:\/\/www.difvictoria.gob.mx\/index.php\/wp-json\/wp\/v2\/media\/4973"}],"wp:attachment":[{"href":"http:\/\/www.difvictoria.gob.mx\/index.php\/wp-json\/wp\/v2\/media?parent=4972"}],"wp:term":[{"taxonomy":"category","embeddable":true,"href":"http:\/\/www.difvictoria.gob.mx\/index.php\/wp-json\/wp\/v2\/categories?post=4972"},{"taxonomy":"post_tag","embeddable":true,"href":"http:\/\/www.difvictoria.gob.mx\/index.php\/wp-json\/wp\/v2\/tags?post=4972"}],"curies":[{"name":"wp","href":"https:\/\/api.w.org\/{rel}","templated":true}]}}