{"id":4969,"date":"2020-11-11T19:31:45","date_gmt":"2020-11-12T01:31:45","guid":{"rendered":"http:\/\/www.difvictoria.gob.mx\/?p=4969"},"modified":"2020-11-15T19:36:37","modified_gmt":"2020-11-16T01:36:37","slug":"recorrido-por-dif-victoria-de-la-arq-martha-zertuche-villarreal","status":"publish","type":"post","link":"http:\/\/www.difvictoria.gob.mx\/index.php\/2020\/11\/11\/recorrido-por-dif-victoria-de-la-arq-martha-zertuche-villarreal\/","title":{"rendered":"Recorrido por DIF Victoria de la Arq. Martha Zertuche Villarreal"},"content":{"rendered":"<p>Ciudad Victoria Tamaulipas, 11 de noviembre de 2020.- La Arq. Martha Zertuche Villarreal, Directora General del DIF Victoria, realiz\u00f3 un recorrido por las diferentes \u00e1reas de nuestra instituci\u00f3n, para saludar el personal y conocer el trabajo realizado por cada subdirecci\u00f3n y departamento.<\/p>\n","protected":false},"excerpt":{"rendered":"<p>Ciudad Victoria Tamaulipas, 11 de noviembre de 2020.- La Arq. Martha Zertuche Villarreal, Directora General del DIF Victoria, realiz\u00f3 un recorrido por las diferentes \u00e1reas de nuestra instituci\u00f3n, para saludar el personal y conocer el trabajo realizado por cada subdirecci\u00f3n y departamento.<\/p>\n","protected":false},"author":3,"featured_media":4970,"comment_status":"closed","ping_status":"closed","sticky":false,"template":"","format":"standard","meta":{"footnotes":""},"categories":[29],"tags":[],"class_list":["post-4969","post","type-post","status-publish","format-standard","has-post-thumbnail","hentry","category-noviembre-2020"],"_links":{"self":[{"href":"http:\/\/www.difvictoria.gob.mx\/index.php\/wp-json\/wp\/v2\/posts\/4969","targetHints":{"allow":["GET"]}}],"collection":[{"href":"http:\/\/www.difvictoria.gob.mx\/index.php\/wp-json\/wp\/v2\/posts"}],"about":[{"href":"http:\/\/www.difvictoria.gob.mx\/index.php\/wp-json\/wp\/v2\/types\/post"}],"author":[{"embeddable":true,"href":"http:\/\/www.difvictoria.gob.mx\/index.php\/wp-json\/wp\/v2\/users\/3"}],"replies":[{"embeddable":true,"href":"http:\/\/www.difvictoria.gob.mx\/index.php\/wp-json\/wp\/v2\/comments?post=4969"}],"version-history":[{"count":1,"href":"http:\/\/www.difvictoria.gob.mx\/index.php\/wp-json\/wp\/v2\/posts\/4969\/revisions"}],"predecessor-version":[{"id":4971,"href":"http:\/\/www.difvictoria.gob.mx\/index.php\/wp-json\/wp\/v2\/posts\/4969\/revisions\/4971"}],"wp:featuredmedia":[{"embeddable":true,"href":"http:\/\/www.difvictoria.gob.mx\/index.php\/wp-json\/wp\/v2\/media\/4970"}],"wp:attachment":[{"href":"http:\/\/www.difvictoria.gob.mx\/index.php\/wp-json\/wp\/v2\/media?parent=4969"}],"wp:term":[{"taxonomy":"category","embeddable":true,"href":"http:\/\/www.difvictoria.gob.mx\/index.php\/wp-json\/wp\/v2\/categories?post=4969"},{"taxonomy":"post_tag","embeddable":true,"href":"http:\/\/www.difvictoria.gob.mx\/index.php\/wp-json\/wp\/v2\/tags?post=4969"}],"curies":[{"name":"wp","href":"https:\/\/api.w.org\/{rel}","templated":true}]}}