{"id":4172,"date":"2020-07-07T09:03:22","date_gmt":"2020-07-07T15:03:22","guid":{"rendered":"http:\/\/www.difvictoria.gob.mx\/?p=4172"},"modified":"2020-07-08T09:05:53","modified_gmt":"2020-07-08T15:05:53","slug":"trabajo-en-casa-de-los-ninos-de-la-guarderia-dif-victoria","status":"publish","type":"post","link":"http:\/\/www.difvictoria.gob.mx\/index.php\/2020\/07\/07\/trabajo-en-casa-de-los-ninos-de-la-guarderia-dif-victoria\/","title":{"rendered":"Trabajo en Casa de los ni\u00f1os de la Guarder\u00eda DIF Victoria"},"content":{"rendered":"<p>Ciudad Victoria Tamaulipas.- 07 de julio de 2020.- <span style=\"font-size: 1rem;\">El Sistema DIF Victoria, que preside la se\u00f1ora <\/span><span style=\"font-size: 1rem;\">Arcelia Flores<\/span><span style=\"font-size: 1rem;\">, a trav\u00e9s de la Guarder\u00eda, envi\u00f3 un cuadernillo de actividades a sus alumnos, que les ayudar\u00e1 a reforzar las habilidades motrices finas, ya que, son muy importantes en su desarrollo y les permitir\u00e1 participar en sus actividades cotidianas, adem\u00e1s, se debe trabajar con el movimiento de manos y dedos para favorecer el control progresivo de sus habilidades.<\/span><\/p>\n<p><span style=\"font-size: 1rem;\">Con apoyo de los padres de familia y, atendiendo las indicaciones de las autoridades, nuestros peque\u00f1os contin\u00faan con el aprendizaje d\u00eda a d\u00eda desde sus hogares.<\/span><\/p>\n","protected":false},"excerpt":{"rendered":"<p>Ciudad Victoria Tamaulipas.- 07 de julio de 2020.- El Sistema DIF Victoria, que preside la se\u00f1ora Arcelia Flores, a trav\u00e9s de la Guarder\u00eda, envi\u00f3 un cuadernillo de actividades a sus alumnos, que les ayudar\u00e1 a reforzar las habilidades motrices finas, ya que, son muy importantes en su desarrollo y les permitir\u00e1 participar en sus actividades cotidianas, adem\u00e1s, se debe trabajar&hellip;<\/p>\n","protected":false},"author":3,"featured_media":4173,"comment_status":"closed","ping_status":"closed","sticky":false,"template":"","format":"standard","meta":{"footnotes":""},"categories":[25],"tags":[],"class_list":["post-4172","post","type-post","status-publish","format-standard","has-post-thumbnail","hentry","category-julio-2020"],"_links":{"self":[{"href":"http:\/\/www.difvictoria.gob.mx\/index.php\/wp-json\/wp\/v2\/posts\/4172","targetHints":{"allow":["GET"]}}],"collection":[{"href":"http:\/\/www.difvictoria.gob.mx\/index.php\/wp-json\/wp\/v2\/posts"}],"about":[{"href":"http:\/\/www.difvictoria.gob.mx\/index.php\/wp-json\/wp\/v2\/types\/post"}],"author":[{"embeddable":true,"href":"http:\/\/www.difvictoria.gob.mx\/index.php\/wp-json\/wp\/v2\/users\/3"}],"replies":[{"embeddable":true,"href":"http:\/\/www.difvictoria.gob.mx\/index.php\/wp-json\/wp\/v2\/comments?post=4172"}],"version-history":[{"count":1,"href":"http:\/\/www.difvictoria.gob.mx\/index.php\/wp-json\/wp\/v2\/posts\/4172\/revisions"}],"predecessor-version":[{"id":4174,"href":"http:\/\/www.difvictoria.gob.mx\/index.php\/wp-json\/wp\/v2\/posts\/4172\/revisions\/4174"}],"wp:featuredmedia":[{"embeddable":true,"href":"http:\/\/www.difvictoria.gob.mx\/index.php\/wp-json\/wp\/v2\/media\/4173"}],"wp:attachment":[{"href":"http:\/\/www.difvictoria.gob.mx\/index.php\/wp-json\/wp\/v2\/media?parent=4172"}],"wp:term":[{"taxonomy":"category","embeddable":true,"href":"http:\/\/www.difvictoria.gob.mx\/index.php\/wp-json\/wp\/v2\/categories?post=4172"},{"taxonomy":"post_tag","embeddable":true,"href":"http:\/\/www.difvictoria.gob.mx\/index.php\/wp-json\/wp\/v2\/tags?post=4172"}],"curies":[{"name":"wp","href":"https:\/\/api.w.org\/{rel}","templated":true}]}}