{"id":2664,"date":"2019-09-09T07:57:04","date_gmt":"2019-09-09T13:57:04","guid":{"rendered":"http:\/\/www.difvictoria.gob.mx\/?p=2664"},"modified":"2019-09-11T13:21:40","modified_gmt":"2019-09-11T19:21:40","slug":"2664","status":"publish","type":"post","link":"http:\/\/www.difvictoria.gob.mx\/index.php\/2019\/09\/09\/2664\/","title":{"rendered":"Sistema DIF Victoria"},"content":{"rendered":"<p>Ciudad Victoria, Tamaulipas, 9 de septiembre 2019.-\u00a0Con el objetivo de cuidar el bienestar de los ciudadanos en situaci\u00f3n de vulnerabilidad y hacer m\u00e1s all\u00e1 de lo posible para atender sus necesidades, el Sistema\u00a0DIF Victoria, que preside la se\u00f1ora\u00a0Arcelia Flores, ofrece una serie de servicios dirigidos para ellos y la poblaci\u00f3n en general, en un horario de atenci\u00f3n de 8:00 a.m. a 3:00 p.m.<br \/>\nAqu\u00ed podr\u00e1s encontrar: asesor\u00eda jur\u00eddica, psicol\u00f3gica, consulta m\u00e9dica, tr\u00e1mite de placas, credenciales y tarjetones para personas con discapacidad, servicio de Taxi \u201cSin L\u00edmites\u201d y Atenci\u00f3n Ciudadana, entre muchos otros.<br \/>\nPara mayores informes acude a nuestras instalaciones en el 16 y 18 Berrioz\u00e1bal.<\/p>\n","protected":false},"excerpt":{"rendered":"<p>Ciudad Victoria, Tamaulipas, 9 de septiembre 2019.-\u00a0Con el objetivo de cuidar el bienestar de los ciudadanos en situaci\u00f3n de vulnerabilidad y hacer m\u00e1s all\u00e1 de lo posible para atender sus necesidades, el Sistema\u00a0DIF Victoria, que preside la se\u00f1ora\u00a0Arcelia Flores, ofrece una serie de servicios dirigidos para ellos y la poblaci\u00f3n en general, en un horario de atenci\u00f3n de 8:00 a.m.&hellip;<\/p>\n","protected":false},"author":3,"featured_media":2665,"comment_status":"closed","ping_status":"closed","sticky":false,"template":"","format":"standard","meta":{"footnotes":""},"categories":[15],"tags":[],"class_list":["post-2664","post","type-post","status-publish","format-standard","has-post-thumbnail","hentry","category-septiembre-2019"],"_links":{"self":[{"href":"http:\/\/www.difvictoria.gob.mx\/index.php\/wp-json\/wp\/v2\/posts\/2664","targetHints":{"allow":["GET"]}}],"collection":[{"href":"http:\/\/www.difvictoria.gob.mx\/index.php\/wp-json\/wp\/v2\/posts"}],"about":[{"href":"http:\/\/www.difvictoria.gob.mx\/index.php\/wp-json\/wp\/v2\/types\/post"}],"author":[{"embeddable":true,"href":"http:\/\/www.difvictoria.gob.mx\/index.php\/wp-json\/wp\/v2\/users\/3"}],"replies":[{"embeddable":true,"href":"http:\/\/www.difvictoria.gob.mx\/index.php\/wp-json\/wp\/v2\/comments?post=2664"}],"version-history":[{"count":2,"href":"http:\/\/www.difvictoria.gob.mx\/index.php\/wp-json\/wp\/v2\/posts\/2664\/revisions"}],"predecessor-version":[{"id":2667,"href":"http:\/\/www.difvictoria.gob.mx\/index.php\/wp-json\/wp\/v2\/posts\/2664\/revisions\/2667"}],"wp:featuredmedia":[{"embeddable":true,"href":"http:\/\/www.difvictoria.gob.mx\/index.php\/wp-json\/wp\/v2\/media\/2665"}],"wp:attachment":[{"href":"http:\/\/www.difvictoria.gob.mx\/index.php\/wp-json\/wp\/v2\/media?parent=2664"}],"wp:term":[{"taxonomy":"category","embeddable":true,"href":"http:\/\/www.difvictoria.gob.mx\/index.php\/wp-json\/wp\/v2\/categories?post=2664"},{"taxonomy":"post_tag","embeddable":true,"href":"http:\/\/www.difvictoria.gob.mx\/index.php\/wp-json\/wp\/v2\/tags?post=2664"}],"curies":[{"name":"wp","href":"https:\/\/api.w.org\/{rel}","templated":true}]}}