{"id":2618,"date":"2019-08-31T11:45:11","date_gmt":"2019-08-31T17:45:11","guid":{"rendered":"http:\/\/www.difvictoria.gob.mx\/?p=2618"},"modified":"2019-09-04T11:47:58","modified_gmt":"2019-09-04T17:47:58","slug":"credencial-nacional-de-discapacidad","status":"publish","type":"post","link":"http:\/\/www.difvictoria.gob.mx\/index.php\/2019\/08\/31\/credencial-nacional-de-discapacidad\/","title":{"rendered":"Credencial Nacional de Discapacidad"},"content":{"rendered":"<p>Ciudad Victoria, Tamaulipas, 31 de agosto 2019.-\u00a0Con el firme inter\u00e9s de impulsar las competencias de las personas con discapacidad, as\u00ed como, ampliar sus posibilidades en el \u00e1mbito laboral, educativo y social, la se\u00f1ora\u00a0Arcelia Flores, presidenta del Sistema DIF Victoria, a trav\u00e9s del programa \u201cSin L\u00edmites\u201d, invita a este sector de la poblaci\u00f3n, familia y tutores, a que conozcan los servicios que esta instituci\u00f3n brinda, en beneficio de ellos, como el de Credencial Nacional de Discapacidad, documento que identifica el tipo de discapacidad que tiene quien la porta, para obtenerla se tienen que cumplir con los siguientes requisitos: Constancia original de Discapacidad con referencia m\u00e9dica, copia del Acta de Nacimiento, copia de CURP, copia de Credencial de Elector y una fotograf\u00eda tama\u00f1o infantil.<\/p>\n","protected":false},"excerpt":{"rendered":"<p>Ciudad Victoria, Tamaulipas, 31 de agosto 2019.-\u00a0Con el firme inter\u00e9s de impulsar las competencias de las personas con discapacidad, as\u00ed como, ampliar sus posibilidades en el \u00e1mbito laboral, educativo y social, la se\u00f1ora\u00a0Arcelia Flores, presidenta del Sistema DIF Victoria, a trav\u00e9s del programa \u201cSin L\u00edmites\u201d, invita a este sector de la poblaci\u00f3n, familia y tutores, a que conozcan los servicios&hellip;<\/p>\n","protected":false},"author":3,"featured_media":2619,"comment_status":"closed","ping_status":"closed","sticky":false,"template":"","format":"standard","meta":{"footnotes":""},"categories":[14],"tags":[],"class_list":["post-2618","post","type-post","status-publish","format-standard","has-post-thumbnail","hentry","category-agosto-2019"],"_links":{"self":[{"href":"http:\/\/www.difvictoria.gob.mx\/index.php\/wp-json\/wp\/v2\/posts\/2618","targetHints":{"allow":["GET"]}}],"collection":[{"href":"http:\/\/www.difvictoria.gob.mx\/index.php\/wp-json\/wp\/v2\/posts"}],"about":[{"href":"http:\/\/www.difvictoria.gob.mx\/index.php\/wp-json\/wp\/v2\/types\/post"}],"author":[{"embeddable":true,"href":"http:\/\/www.difvictoria.gob.mx\/index.php\/wp-json\/wp\/v2\/users\/3"}],"replies":[{"embeddable":true,"href":"http:\/\/www.difvictoria.gob.mx\/index.php\/wp-json\/wp\/v2\/comments?post=2618"}],"version-history":[{"count":1,"href":"http:\/\/www.difvictoria.gob.mx\/index.php\/wp-json\/wp\/v2\/posts\/2618\/revisions"}],"predecessor-version":[{"id":2620,"href":"http:\/\/www.difvictoria.gob.mx\/index.php\/wp-json\/wp\/v2\/posts\/2618\/revisions\/2620"}],"wp:featuredmedia":[{"embeddable":true,"href":"http:\/\/www.difvictoria.gob.mx\/index.php\/wp-json\/wp\/v2\/media\/2619"}],"wp:attachment":[{"href":"http:\/\/www.difvictoria.gob.mx\/index.php\/wp-json\/wp\/v2\/media?parent=2618"}],"wp:term":[{"taxonomy":"category","embeddable":true,"href":"http:\/\/www.difvictoria.gob.mx\/index.php\/wp-json\/wp\/v2\/categories?post=2618"},{"taxonomy":"post_tag","embeddable":true,"href":"http:\/\/www.difvictoria.gob.mx\/index.php\/wp-json\/wp\/v2\/tags?post=2618"}],"curies":[{"name":"wp","href":"https:\/\/api.w.org\/{rel}","templated":true}]}}