{"id":2485,"date":"2019-08-08T07:39:24","date_gmt":"2019-08-08T13:39:24","guid":{"rendered":"http:\/\/www.difvictoria.gob.mx\/?p=2485"},"modified":"2019-08-12T07:41:11","modified_gmt":"2019-08-12T13:41:11","slug":"curso-de-verano-2019","status":"publish","type":"post","link":"http:\/\/www.difvictoria.gob.mx\/index.php\/2019\/08\/08\/curso-de-verano-2019\/","title":{"rendered":"Curso de Verano 2019"},"content":{"rendered":"<p>Ciudad Victoria, Tam.,8 de agosto de 2019 &#8211;\u00a0Dentro de las actividades que desarrolla el Sistema\u00a0DIF Victoria, que preside la se\u00f1ora\u00a0Arcelia Flores, a trav\u00e9s del &#8220;Curso de Verano PANNARTI 2019&#8221;, en nuestro centro se est\u00e1 llevando a cabo el taller de coro, mismo que tiene el objetivo de que los ni\u00f1os aprendan, convivan y se diviertan cantando en sus vacaciones.<\/p>\n","protected":false},"excerpt":{"rendered":"<p>Ciudad Victoria, Tam.,8 de agosto de 2019 &#8211;\u00a0Dentro de las actividades que desarrolla el Sistema\u00a0DIF Victoria, que preside la se\u00f1ora\u00a0Arcelia Flores, a trav\u00e9s del &#8220;Curso de Verano PANNARTI 2019&#8221;, en nuestro centro se est\u00e1 llevando a cabo el taller de coro, mismo que tiene el objetivo de que los ni\u00f1os aprendan, convivan y se diviertan cantando en sus vacaciones.<\/p>\n","protected":false},"author":3,"featured_media":2486,"comment_status":"closed","ping_status":"closed","sticky":false,"template":"","format":"standard","meta":{"footnotes":""},"categories":[14],"tags":[],"class_list":["post-2485","post","type-post","status-publish","format-standard","has-post-thumbnail","hentry","category-agosto-2019"],"_links":{"self":[{"href":"http:\/\/www.difvictoria.gob.mx\/index.php\/wp-json\/wp\/v2\/posts\/2485","targetHints":{"allow":["GET"]}}],"collection":[{"href":"http:\/\/www.difvictoria.gob.mx\/index.php\/wp-json\/wp\/v2\/posts"}],"about":[{"href":"http:\/\/www.difvictoria.gob.mx\/index.php\/wp-json\/wp\/v2\/types\/post"}],"author":[{"embeddable":true,"href":"http:\/\/www.difvictoria.gob.mx\/index.php\/wp-json\/wp\/v2\/users\/3"}],"replies":[{"embeddable":true,"href":"http:\/\/www.difvictoria.gob.mx\/index.php\/wp-json\/wp\/v2\/comments?post=2485"}],"version-history":[{"count":1,"href":"http:\/\/www.difvictoria.gob.mx\/index.php\/wp-json\/wp\/v2\/posts\/2485\/revisions"}],"predecessor-version":[{"id":2487,"href":"http:\/\/www.difvictoria.gob.mx\/index.php\/wp-json\/wp\/v2\/posts\/2485\/revisions\/2487"}],"wp:featuredmedia":[{"embeddable":true,"href":"http:\/\/www.difvictoria.gob.mx\/index.php\/wp-json\/wp\/v2\/media\/2486"}],"wp:attachment":[{"href":"http:\/\/www.difvictoria.gob.mx\/index.php\/wp-json\/wp\/v2\/media?parent=2485"}],"wp:term":[{"taxonomy":"category","embeddable":true,"href":"http:\/\/www.difvictoria.gob.mx\/index.php\/wp-json\/wp\/v2\/categories?post=2485"},{"taxonomy":"post_tag","embeddable":true,"href":"http:\/\/www.difvictoria.gob.mx\/index.php\/wp-json\/wp\/v2\/tags?post=2485"}],"curies":[{"name":"wp","href":"https:\/\/api.w.org\/{rel}","templated":true}]}}