{"id":2407,"date":"2019-07-07T10:37:13","date_gmt":"2019-07-07T16:37:13","guid":{"rendered":"http:\/\/www.difvictoria.gob.mx\/?p=2407"},"modified":"2019-08-05T10:38:49","modified_gmt":"2019-08-05T16:38:49","slug":"graduacion-centro-educativo-universum","status":"publish","type":"post","link":"http:\/\/www.difvictoria.gob.mx\/index.php\/2019\/07\/07\/graduacion-centro-educativo-universum\/","title":{"rendered":"Graduaci\u00f3n Centro Educativo Universum"},"content":{"rendered":"<p>Al concluir con \u00e9xito su educaci\u00f3n preescolar, 30 menores del Centro Educativo Universum, fueron apadrinados por la se\u00f1ora\u00a0Arcelia Flores. Luego de recibir su constancia de estudios, ni\u00f1os y autoridades de este Jard\u00edn de Ni\u00f1os, hicieron entrega de un reconocimiento dirigido a la Presidenta de nuestra instituci\u00f3n, mismo que fue recibido por su representante en esta ceremonia, la Lic. Luc\u00eda Julieta Villar Becerra, subdirectora de Atenci\u00f3n Ciudadana, del Sistema\u00a0DIF Victoria.<\/p>\n","protected":false},"excerpt":{"rendered":"<p>Al concluir con \u00e9xito su educaci\u00f3n preescolar, 30 menores del Centro Educativo Universum, fueron apadrinados por la se\u00f1ora\u00a0Arcelia Flores. Luego de recibir su constancia de estudios, ni\u00f1os y autoridades de este Jard\u00edn de Ni\u00f1os, hicieron entrega de un reconocimiento dirigido a la Presidenta de nuestra instituci\u00f3n, mismo que fue recibido por su representante en esta ceremonia, la Lic. Luc\u00eda Julieta&hellip;<\/p>\n","protected":false},"author":3,"featured_media":2408,"comment_status":"closed","ping_status":"closed","sticky":false,"template":"","format":"standard","meta":{"footnotes":""},"categories":[13],"tags":[],"class_list":["post-2407","post","type-post","status-publish","format-standard","has-post-thumbnail","hentry","category-julio-2019"],"_links":{"self":[{"href":"http:\/\/www.difvictoria.gob.mx\/index.php\/wp-json\/wp\/v2\/posts\/2407","targetHints":{"allow":["GET"]}}],"collection":[{"href":"http:\/\/www.difvictoria.gob.mx\/index.php\/wp-json\/wp\/v2\/posts"}],"about":[{"href":"http:\/\/www.difvictoria.gob.mx\/index.php\/wp-json\/wp\/v2\/types\/post"}],"author":[{"embeddable":true,"href":"http:\/\/www.difvictoria.gob.mx\/index.php\/wp-json\/wp\/v2\/users\/3"}],"replies":[{"embeddable":true,"href":"http:\/\/www.difvictoria.gob.mx\/index.php\/wp-json\/wp\/v2\/comments?post=2407"}],"version-history":[{"count":1,"href":"http:\/\/www.difvictoria.gob.mx\/index.php\/wp-json\/wp\/v2\/posts\/2407\/revisions"}],"predecessor-version":[{"id":2409,"href":"http:\/\/www.difvictoria.gob.mx\/index.php\/wp-json\/wp\/v2\/posts\/2407\/revisions\/2409"}],"wp:featuredmedia":[{"embeddable":true,"href":"http:\/\/www.difvictoria.gob.mx\/index.php\/wp-json\/wp\/v2\/media\/2408"}],"wp:attachment":[{"href":"http:\/\/www.difvictoria.gob.mx\/index.php\/wp-json\/wp\/v2\/media?parent=2407"}],"wp:term":[{"taxonomy":"category","embeddable":true,"href":"http:\/\/www.difvictoria.gob.mx\/index.php\/wp-json\/wp\/v2\/categories?post=2407"},{"taxonomy":"post_tag","embeddable":true,"href":"http:\/\/www.difvictoria.gob.mx\/index.php\/wp-json\/wp\/v2\/tags?post=2407"}],"curies":[{"name":"wp","href":"https:\/\/api.w.org\/{rel}","templated":true}]}}